{"id":18726,"date":"2024-08-04T13:33:30","date_gmt":"2024-08-04T11:33:30","guid":{"rendered":"http:\/\/www.millionen-fliegen-fressen-scheisse.de\/wordpress\/?p=18726"},"modified":"2024-08-04T13:41:39","modified_gmt":"2024-08-04T11:41:39","slug":"after-dark-mit-tom-lausen-episode-33-1-3","status":"publish","type":"post","link":"http:\/\/www.millionen-fliegen-fressen-scheisse.de\/wordpress\/2024\/08\/04\/after-dark-mit-tom-lausen-episode-33-1-3\/","title":{"rendered":"AFTER DARK mit TOM LAUSEN EPISODE 33 1\/3"},"content":{"rendered":"<p><iframe loading=\"lazy\" title=\"AFTER DARK mit TOM LAUSEN EPISODE 33 1\/3\" width=\"750\" height=\"422\" src=\"https:\/\/www.youtube.com\/embed\/jQwi0yGpiWk?feature=oembed\" frameborder=\"0\" allow=\"accelerometer; autoplay; clipboard-write; encrypted-media; gyroscope; picture-in-picture; web-share\" referrerpolicy=\"strict-origin-when-cross-origin\" allowfullscreen><\/iframe><\/p>\n<p><a href=\"https:\/\/x.com\/SHomburg\/status\/1819977829217444163\" target=\"_blank\" rel=\"noopener\">Stefan Homburg dazu auf X<\/a>:<\/p>\n<p><em>&#8220;NS-Recht schl\u00e4gt Grundgesetz<\/em><em> Tom Lausen bemerkt, dass die Corona-Rechtsprechung auf dem nationalsozialistischen Gedanken der \u201eVolksgesundheit\u201d beruht. <span class=\"r-b88u0q\">Hintergrund<\/span>: Das Grundgesetz wurde in bewusster Abkehr zur NS-Ideologie geschaffen, die v\u00f6lkische Belange \u00fcber das Wohl einzelner Menschen stellte. Nach dem Krieg verbreitete sich die Vorstellung unver\u00e4u\u00dferlicher individueller Grund- und Menschenrechte, in die der Staat nicht eingreifen d\u00fcrfe. <\/em><\/p>\n<p><em>Seit Corona relativiert die Rechtsprechung Grund- und Menschenrechte und billigt die Gef\u00e4hrdung der Gesundheit und des Lebens der Individuen. Der N\u00fcrnberger Kodex gilt nicht mehr, medizinische Experimente unter Zwang sind zur\u00fcck. Das Bayerische Oberste Landesgericht etwa zitiert in seinem Maskenbeschluss vom 05.06.2023 \u2013 206 StRR 76\/23 explizit den Reichsgerichtshof (1 D 762\/39 &#8211; 25.06.1940), der feststellt, dass im Nationalsozialismus \u201edas Verh\u00e4ltnis zwischen der Bewertung der Belange einzelner &#8230; und der Bewertung der Volksgesundheit grundlegend ver\u00e4ndert worden ist\u201d. Die <span class=\"r-b88u0q\">Geringsch\u00e4tzung des einzelnen Menschen<\/span> zugunsten imaginierter Kollektivbed\u00fcrfnisse, die in Schlagworten wie Proletariat, Volk oder Solidarit\u00e4t zum Ausdruck kommt, kennzeichnet Sozialismus, Nationalsozialismus und andere totalit\u00e4re Ideologien. Wir m\u00fcssen diesen Tendenzen Einhalt gebieten!&#8221;<\/em><\/p>\n","protected":false},"excerpt":{"rendered":"<p>Stefan Homburg dazu auf X: &#8220;NS-Recht schl\u00e4gt Grundgesetz Tom Lausen bemerkt, dass die Corona-Rechtsprechung auf dem nationalsozialistischen Gedanken der \u201eVolksgesundheit\u201d beruht. Hintergrund: Das Grundgesetz wurde in bewusster Abkehr zur NS-Ideologie geschaffen, die v\u00f6lkische Belange \u00fcber das Wohl einzelner Menschen stellte. Nach dem Krieg verbreitete sich die Vorstellung unver\u00e4u\u00dferlicher individueller Grund- und Menschenrechte, in die der&hellip; <a class=\"more-link\" href=\"http:\/\/www.millionen-fliegen-fressen-scheisse.de\/wordpress\/2024\/08\/04\/after-dark-mit-tom-lausen-episode-33-1-3\/\"><span class=\"screen-reader-text\">AFTER DARK mit TOM LAUSEN EPISODE 33 1\/3<\/span> weiterlesen<\/a><\/p>\n","protected":false},"author":1,"featured_media":0,"comment_status":"closed","ping_status":"open","sticky":false,"template":"","format":"standard","meta":{"footnotes":""},"categories":[1],"tags":[],"class_list":["post-18726","post","type-post","status-publish","format-standard","hentry","category-allgemein","entry"],"_links":{"self":[{"href":"http:\/\/www.millionen-fliegen-fressen-scheisse.de\/wordpress\/wp-json\/wp\/v2\/posts\/18726","targetHints":{"allow":["GET"]}}],"collection":[{"href":"http:\/\/www.millionen-fliegen-fressen-scheisse.de\/wordpress\/wp-json\/wp\/v2\/posts"}],"about":[{"href":"http:\/\/www.millionen-fliegen-fressen-scheisse.de\/wordpress\/wp-json\/wp\/v2\/types\/post"}],"author":[{"embeddable":true,"href":"http:\/\/www.millionen-fliegen-fressen-scheisse.de\/wordpress\/wp-json\/wp\/v2\/users\/1"}],"replies":[{"embeddable":true,"href":"http:\/\/www.millionen-fliegen-fressen-scheisse.de\/wordpress\/wp-json\/wp\/v2\/comments?post=18726"}],"version-history":[{"count":7,"href":"http:\/\/www.millionen-fliegen-fressen-scheisse.de\/wordpress\/wp-json\/wp\/v2\/posts\/18726\/revisions"}],"predecessor-version":[{"id":18733,"href":"http:\/\/www.millionen-fliegen-fressen-scheisse.de\/wordpress\/wp-json\/wp\/v2\/posts\/18726\/revisions\/18733"}],"wp:attachment":[{"href":"http:\/\/www.millionen-fliegen-fressen-scheisse.de\/wordpress\/wp-json\/wp\/v2\/media?parent=18726"}],"wp:term":[{"taxonomy":"category","embeddable":true,"href":"http:\/\/www.millionen-fliegen-fressen-scheisse.de\/wordpress\/wp-json\/wp\/v2\/categories?post=18726"},{"taxonomy":"post_tag","embeddable":true,"href":"http:\/\/www.millionen-fliegen-fressen-scheisse.de\/wordpress\/wp-json\/wp\/v2\/tags?post=18726"}],"curies":[{"name":"wp","href":"https:\/\/api.w.org\/{rel}","templated":true}]}}