{"id":19782,"date":"2025-05-21T13:25:33","date_gmt":"2025-05-21T11:25:33","guid":{"rendered":"http:\/\/www.millionen-fliegen-fressen-scheisse.de\/wordpress\/?p=19782"},"modified":"2025-05-21T13:25:33","modified_gmt":"2025-05-21T11:25:33","slug":"remigrationsgipfel-interview-mit-den-identitaeren-republikfluechtlingen","status":"publish","type":"post","link":"http:\/\/www.millionen-fliegen-fressen-scheisse.de\/wordpress\/2025\/05\/21\/remigrationsgipfel-interview-mit-den-identitaeren-republikfluechtlingen\/","title":{"rendered":"Remigrationsgipfel: Interview mit den identit\u00e4ren Republikfl\u00fcchtlingen"},"content":{"rendered":"<p><strong>Weil sie das Ansehen der Bundesrepublik im Ausland gef\u00e4hrden k\u00f6nnten, wurde identit\u00e4ren Aktivisten die Ausreise nach Italien zum Remigrationsgipfel 2025 (Resum25) verweigert. Sie fuhren trotzdem und wurden gestern bei der R\u00fcckreise am Flughafen M\u00fcnchen erneut verhaftet. Johannes Konstantin Poensgen hat f\u00fcr Info-DIREKT w\u00e4hrend und nach der Festnahme Interviews mit einem Aktivisten und einem ihrer Helfer gef\u00fchrt. Hier der Nachrichtenverlauf zwischen Poensgen und den Aktivisten:<\/strong><\/p>\n<p><a href=\"https:\/\/www.info-direkt.eu\/deutschland\/remigrationsgipfel-interview-mit-den-identitaeren-republikfluechtlingen\" target=\"_blank\" rel=\"noopener\">https:\/\/www.info-direkt.eu\/deutschland\/remigrationsgipfel-interview-mit-den-identitaeren-republikfluechtlingen<\/a><\/p>\n","protected":false},"excerpt":{"rendered":"<p>Weil sie das Ansehen der Bundesrepublik im Ausland gef\u00e4hrden k\u00f6nnten, wurde identit\u00e4ren Aktivisten die Ausreise nach Italien zum Remigrationsgipfel 2025 (Resum25) verweigert. Sie fuhren trotzdem und wurden gestern bei der R\u00fcckreise am Flughafen M\u00fcnchen erneut verhaftet. Johannes Konstantin Poensgen hat f\u00fcr Info-DIREKT w\u00e4hrend und nach der Festnahme Interviews mit einem Aktivisten und einem ihrer Helfer&hellip; <a class=\"more-link\" href=\"http:\/\/www.millionen-fliegen-fressen-scheisse.de\/wordpress\/2025\/05\/21\/remigrationsgipfel-interview-mit-den-identitaeren-republikfluechtlingen\/\"><span class=\"screen-reader-text\">Remigrationsgipfel: Interview mit den identit\u00e4ren Republikfl\u00fcchtlingen<\/span> weiterlesen<\/a><\/p>\n","protected":false},"author":1,"featured_media":0,"comment_status":"closed","ping_status":"open","sticky":false,"template":"","format":"standard","meta":{"footnotes":""},"categories":[1],"tags":[],"class_list":["post-19782","post","type-post","status-publish","format-standard","hentry","category-allgemein","entry"],"_links":{"self":[{"href":"http:\/\/www.millionen-fliegen-fressen-scheisse.de\/wordpress\/wp-json\/wp\/v2\/posts\/19782","targetHints":{"allow":["GET"]}}],"collection":[{"href":"http:\/\/www.millionen-fliegen-fressen-scheisse.de\/wordpress\/wp-json\/wp\/v2\/posts"}],"about":[{"href":"http:\/\/www.millionen-fliegen-fressen-scheisse.de\/wordpress\/wp-json\/wp\/v2\/types\/post"}],"author":[{"embeddable":true,"href":"http:\/\/www.millionen-fliegen-fressen-scheisse.de\/wordpress\/wp-json\/wp\/v2\/users\/1"}],"replies":[{"embeddable":true,"href":"http:\/\/www.millionen-fliegen-fressen-scheisse.de\/wordpress\/wp-json\/wp\/v2\/comments?post=19782"}],"version-history":[{"count":1,"href":"http:\/\/www.millionen-fliegen-fressen-scheisse.de\/wordpress\/wp-json\/wp\/v2\/posts\/19782\/revisions"}],"predecessor-version":[{"id":19783,"href":"http:\/\/www.millionen-fliegen-fressen-scheisse.de\/wordpress\/wp-json\/wp\/v2\/posts\/19782\/revisions\/19783"}],"wp:attachment":[{"href":"http:\/\/www.millionen-fliegen-fressen-scheisse.de\/wordpress\/wp-json\/wp\/v2\/media?parent=19782"}],"wp:term":[{"taxonomy":"category","embeddable":true,"href":"http:\/\/www.millionen-fliegen-fressen-scheisse.de\/wordpress\/wp-json\/wp\/v2\/categories?post=19782"},{"taxonomy":"post_tag","embeddable":true,"href":"http:\/\/www.millionen-fliegen-fressen-scheisse.de\/wordpress\/wp-json\/wp\/v2\/tags?post=19782"}],"curies":[{"name":"wp","href":"https:\/\/api.w.org\/{rel}","templated":true}]}}