{"id":770,"date":"2020-04-09T17:07:11","date_gmt":"2020-04-09T15:07:11","guid":{"rendered":"http:\/\/qanon.at\/?p=770"},"modified":"2020-04-09T17:07:11","modified_gmt":"2020-04-09T15:07:11","slug":"schweiz-zuger-spitaeler-melden-wegen-der-coronakrise-kurzarbeit-an","status":"publish","type":"post","link":"http:\/\/www.millionen-fliegen-fressen-scheisse.de\/wordpress\/2020\/04\/09\/schweiz-zuger-spitaeler-melden-wegen-der-coronakrise-kurzarbeit-an\/","title":{"rendered":"Schweiz: Zuger Spit\u00e4ler melden wegen der Coronakrise Kurzarbeit an"},"content":{"rendered":"\n<p>Luzernerzeitung.ch: \u201eDas Kantonsspital in Baar und die Chamer Andreas-Klinik sp\u00fcren die Auswirkungen der vom Bund verordneten Massnahmen, um in der Coronakrise gen\u00fcgend Kapazit\u00e4t in den Spit\u00e4lern zu haben.\u201c<\/p>\n\n\n\n<p><a rel=\"noreferrer noopener\" href=\"https:\/\/www.luzernerzeitung.ch\/zentralschweiz\/zug\/spitaler-melden-kurzarbeit-an-ld.1211449?fbclid=IwAR0zbLSaHAJu67GzxuZtHLaBjB5ylZUAPxMZ5NuHGauPavPUM9s4_elAhp0\" target=\"_blank\">https:\/\/www.luzernerzeitung.ch\/zentralschweiz\/zug\/spitaler-melden-kurzarbeit-an-ld.1211449<\/a><\/p>\n","protected":false},"excerpt":{"rendered":"<p>Luzernerzeitung.ch: \u201eDas Kantonsspital in Baar und die Chamer Andreas-Klinik sp\u00fcren die Auswirkungen der vom Bund verordneten Massnahmen, um in der Coronakrise gen\u00fcgend Kapazit\u00e4t in den Spit\u00e4lern zu haben.\u201c https:\/\/www.luzernerzeitung.ch\/zentralschweiz\/zug\/spitaler-melden-kurzarbeit-an-ld.1211449<\/p>\n","protected":false},"author":1,"featured_media":0,"comment_status":"open","ping_status":"open","sticky":false,"template":"","format":"standard","meta":{"footnotes":""},"categories":[1],"tags":[],"class_list":["post-770","post","type-post","status-publish","format-standard","hentry","category-allgemein","entry"],"_links":{"self":[{"href":"http:\/\/www.millionen-fliegen-fressen-scheisse.de\/wordpress\/wp-json\/wp\/v2\/posts\/770","targetHints":{"allow":["GET"]}}],"collection":[{"href":"http:\/\/www.millionen-fliegen-fressen-scheisse.de\/wordpress\/wp-json\/wp\/v2\/posts"}],"about":[{"href":"http:\/\/www.millionen-fliegen-fressen-scheisse.de\/wordpress\/wp-json\/wp\/v2\/types\/post"}],"author":[{"embeddable":true,"href":"http:\/\/www.millionen-fliegen-fressen-scheisse.de\/wordpress\/wp-json\/wp\/v2\/users\/1"}],"replies":[{"embeddable":true,"href":"http:\/\/www.millionen-fliegen-fressen-scheisse.de\/wordpress\/wp-json\/wp\/v2\/comments?post=770"}],"version-history":[{"count":0,"href":"http:\/\/www.millionen-fliegen-fressen-scheisse.de\/wordpress\/wp-json\/wp\/v2\/posts\/770\/revisions"}],"wp:attachment":[{"href":"http:\/\/www.millionen-fliegen-fressen-scheisse.de\/wordpress\/wp-json\/wp\/v2\/media?parent=770"}],"wp:term":[{"taxonomy":"category","embeddable":true,"href":"http:\/\/www.millionen-fliegen-fressen-scheisse.de\/wordpress\/wp-json\/wp\/v2\/categories?post=770"},{"taxonomy":"post_tag","embeddable":true,"href":"http:\/\/www.millionen-fliegen-fressen-scheisse.de\/wordpress\/wp-json\/wp\/v2\/tags?post=770"}],"curies":[{"name":"wp","href":"https:\/\/api.w.org\/{rel}","templated":true}]}}